{"id":1930,"date":"2026-03-16T16:01:22","date_gmt":"2026-03-16T16:01:22","guid":{"rendered":"https:\/\/norn.travelblox.eu\/?p=1930"},"modified":"2026-03-25T11:45:17","modified_gmt":"2026-03-25T11:45:17","slug":"top-10-der-schonsten-aussichtspunkte-in-norwegen","status":"publish","type":"post","link":"https:\/\/norn.travelblox.eu\/de\/10-mooiste-plekken-in-noorwegen-2026\/","title":{"rendered":"Top 10 der sch\u00f6nsten Aussichtspunkte in Norwegen"},"content":{"rendered":"<div class=\"tb-wysiwyg tb-block align-left background-light pattern-none variant-none tb-collapsible-margins\" id=\"wysiwyg\">\n    <div class=\"inner-block\">\n        <div class=\"tb-wysiwyg__inner tb-wysiwyg__inner--highlight\">\n            <div class=\"inner-block\">\n                                    <!-- <div class=\"icon\">\n                    <img decoding=\"async\" src=\"\/var\/www\/prod\/public_html\/wp-content\/plugins\/tbx-plugin\/blox\/wysiwyg\/..\/..\/images\/wave-1.php \" alt=\"Lamp icon\"\/>\n                <\/div> -->\n                    <div class=\"icon\">\n                        <i class=\"fa-kit fa-tb-lightbulb\"><\/i>\n                    <\/div>\n                                <div class=\"text-part wysiwyg\">\n                                            <h4>Tipps vom Team<\/h4>                                        \t<div class=\"translation-block\"><ul><li><strong>Fr\u00fch am Morgen aufbrechen:<\/strong> Im Sommer in Norwegen sind die sch\u00f6nsten Aussichtspunkte tags\u00fcber oft \u00fcberf\u00fcllt. Stehe zum Sonnenaufgang auf, um das sch\u00f6nste Licht und die Ruhe zu genie\u00dfen.<\/li><li><strong>\u00dcberpr\u00fcfe das Wetter:<\/strong> Ein Aussichtspunkt im Regen oder Nebel verliert seinen Reiz. Konsultiere jeden Morgen die Website <a href=\"https:\/\/www.yr.no\/nb\" target=\"_blank\">yr.no<\/a>.<\/li><li><strong>Respektiere die Z\u00e4une:<\/strong> Die norwegischen Klippen sind atemberaubend. Gehe keine Risiken f\u00fcr ein Foto ein. Sicherheit geht vor.<\/li><li><strong>Vertraue unseren Experten:<\/strong> Bei <a href=\"https:\/\/norwaynomads.com\/de\/\" target=\"_blank\">Norway Nomads<\/a> haben wir die sch\u00f6nsten Pl\u00e4tze Norwegens (Aussichtspunkte, Sehensw\u00fcrdigkeiten\u2026) in <a href=\"https:\/\/norwaynomads.com\/de\/#route\" target=\"_blank\">eine optimale Route<\/a> integriert.<\/li><\/ul><\/div>\n\t                <\/div>\n            <\/div>\n        <\/div>\n    <\/div>\n<\/div>\n\n\n<div class=\"tb-cta-banner tb-block align-left background-light pattern-none variant-none tb-collapsible-margins\" id=\"cta-banner\">\n    <div class=\"inner-block\">\n        <a href=\"https:\/\/norwaynomads.com\/de\/\" class=\"tb-cta-banner__link\" target=\"_blank\" title=\"\">\n            <div class=\"icon\"><i class=\"fa-solid fa-arrow-right\"><\/i><\/div>\n            <div class=\"text-part\">\n                                    <strong>Lust auf eine Rundreise durch Norwegen? \ud83c\uddf3\ud83c\uddf4<\/strong>\n                                                    <span>Diese Route f\u00fchrt dich zu den sch\u00f6nsten Orten des Landes, zu Highlights und versteckten Juwelen.<\/span>\n                            <\/div>\n        <\/a>\n    <\/div>\n<\/div>\n\n\n<div class=\"tb-image tb-block align-none background-light pattern-none variant-none\" id=\"image\">\n\t<figure>\n\t\t\t\t<img src='https:\/\/norn.travelblox.eu\/wp-content\/smush-webp\/sites\/116\/2025\/07\/1444x920_au-bord-de-la-route-63-la-terrasse-rnesvingen-offre-aux-automobilistes-un-panorama-inoubliable-sur-le-fjord-greiranger.jpeg.webp' width='1444' height='920' srcset='https:\/\/norn.travelblox.eu\/wp-content\/smush-webp\/sites\/116\/2025\/07\/1444x920_au-bord-de-la-route-63-la-terrasse-rnesvingen-offre-aux-automobilistes-un-panorama-inoubliable-sur-le-fjord-greiranger.jpeg.webp 1444w, https:\/\/norn.travelblox.eu\/wp-content\/smush-webp\/sites\/116\/2025\/07\/1444x920_au-bord-de-la-route-63-la-terrasse-rnesvingen-offre-aux-automobilistes-un-panorama-inoubliable-sur-le-fjord-greiranger-300x191.jpeg.webp 300w, https:\/\/norn.travelblox.eu\/wp-content\/smush-webp\/sites\/116\/2025\/07\/1444x920_au-bord-de-la-route-63-la-terrasse-rnesvingen-offre-aux-automobilistes-un-panorama-inoubliable-sur-le-fjord-greiranger-1024x652.jpeg.webp 1024w, https:\/\/norn.travelblox.eu\/wp-content\/smush-webp\/sites\/116\/2025\/07\/1444x920_au-bord-de-la-route-63-la-terrasse-rnesvingen-offre-aux-automobilistes-un-panorama-inoubliable-sur-le-fjord-greiranger-768x489.jpeg.webp 768w, https:\/\/norn.travelblox.eu\/wp-content\/smush-webp\/sites\/116\/2025\/07\/1444x920_au-bord-de-la-route-63-la-terrasse-rnesvingen-offre-aux-automobilistes-un-panorama-inoubliable-sur-le-fjord-greiranger-18x12.jpeg.webp 18w' sizes=\"auto, (max-width: 1444px) 100vw, 1444px\" loading='lazy' decoding='async' data-smush-webp-fallback=\"{&quot;src&quot;:&quot;https:\\\/\\\/norn.travelblox.eu\\\/wp-content\\\/uploads\\\/sites\\\/116\\\/2025\\\/07\\\/1444x920_au-bord-de-la-route-63-la-terrasse-rnesvingen-offre-aux-automobilistes-un-panorama-inoubliable-sur-le-fjord-greiranger.jpeg&quot;,&quot;srcset&quot;:&quot;https:\\\/\\\/norn.travelblox.eu\\\/wp-content\\\/uploads\\\/sites\\\/116\\\/2025\\\/07\\\/1444x920_au-bord-de-la-route-63-la-terrasse-rnesvingen-offre-aux-automobilistes-un-panorama-inoubliable-sur-le-fjord-greiranger.jpeg 1444w, https:\\\/\\\/norn.travelblox.eu\\\/wp-content\\\/uploads\\\/sites\\\/116\\\/2025\\\/07\\\/1444x920_au-bord-de-la-route-63-la-terrasse-rnesvingen-offre-aux-automobilistes-un-panorama-inoubliable-sur-le-fjord-greiranger-300x191.jpeg 300w, https:\\\/\\\/norn.travelblox.eu\\\/wp-content\\\/uploads\\\/sites\\\/116\\\/2025\\\/07\\\/1444x920_au-bord-de-la-route-63-la-terrasse-rnesvingen-offre-aux-automobilistes-un-panorama-inoubliable-sur-le-fjord-greiranger-1024x652.jpeg 1024w, https:\\\/\\\/norn.travelblox.eu\\\/wp-content\\\/uploads\\\/sites\\\/116\\\/2025\\\/07\\\/1444x920_au-bord-de-la-route-63-la-terrasse-rnesvingen-offre-aux-automobilistes-un-panorama-inoubliable-sur-le-fjord-greiranger-768x489.jpeg 768w, https:\\\/\\\/norn.travelblox.eu\\\/wp-content\\\/uploads\\\/sites\\\/116\\\/2025\\\/07\\\/1444x920_au-bord-de-la-route-63-la-terrasse-rnesvingen-offre-aux-automobilistes-un-panorama-inoubliable-sur-le-fjord-greiranger-18x12.jpeg 18w&quot;}\">\t\t\t\t\t<\/figure>\n<\/div>\n\n\n<div class=\"tb-wysiwyg tb-block align-left background-light pattern-none variant-none tb-collapsible-margins\" id=\"wysiwyg-1\">\n    <div class=\"inner-block\">\n        <div class=\"tb-wysiwyg__inner\">\n            <div class=\"inner-block\">\n                                <div class=\"text-part wysiwyg\">\n                                            <h2>Die 10 sch\u00f6nsten Sehensw\u00fcrdigkeiten in Norwegen<\/h2>                                                                \t<div class=\"translation-block\"><p>Norwegen ist bekannt f\u00fcr seine <strong>beeindruckenden Landschaften<\/strong>: <strong>Fjorde<\/strong>, die tief ins Meer hineinragen, <strong>Berge<\/strong>, die \u00fcber den Wolken thronen, und <strong>panoramische Stra\u00dfen<\/strong> mit spektakul\u00e4ren Aussichten. Doch einige Orte stechen wirklich hervor.<\/p><p>Hier teilen wir unsere <strong>Top 10 Lieblingsaussichtspunkte in Norwegen<\/strong>, die du w\u00e4hrend einer <a href=\"https:\/\/norwaynomads.com\/de\/\" target=\"_blank\"><strong>Norwegen Rundreise<\/strong><\/a> durch die Fjorde Norwegens auf keinen Fall verpassen solltest. Vom ber\u00fchmten <strong>Trollstigen<\/strong> bis zum majest\u00e4tischen <strong>Geiranger<\/strong> bieten diese Sehensw\u00fcrdigkeiten Norwegen ein unvergessliches Erlebnis.<\/p><p>Ein Norwegen Urlaub w\u00e4re nicht komplett ohne einen Besuch der atemberaubenden Fjorde Norwegens und der charmanten Stadt Bergen. Wer das Land wirklich erleben m\u00f6chte, sollte auch ein paar <strong>Wanderungen<\/strong> in Norwegen einplanen, um die <strong>Natur hautnah zu genie\u00dfen<\/strong>. Besonders im <strong>Sommer<\/strong> zeigt sich Norwegen von seiner besten Seite \u2013 mit langen Tagen und beeindruckenden Ausblicken.<\/p><p>Bist du bereit, das Beste von Norwegen zu entdecken? Plane deine <a href=\"https:\/\/norwaynomads.com\/de\/\" target=\"_blank\"><strong>Norwegen Reise<\/strong><\/a> und erkunde die sch\u00f6nsten Orte des Landes!<\/p><\/div>\n\t                <\/div>\n            <\/div>\n        <\/div>\n    <\/div>\n<\/div>\n\n\n<div class=\"tb-wysiwyg tb-block align-left background-light pattern-none variant-none tb-collapsible-margins\" id=\"wysiwyg-2\">\n    <div class=\"inner-block\">\n        <div class=\"tb-wysiwyg__inner\">\n            <div class=\"inner-block\">\n                                <div class=\"text-part wysiwyg\">\n                                                                    <h3>1. Preikestolen (Pulpit Rock): die ber\u00fchmteste Klippe<\/h3>                                        \t<div class=\"translation-block\"><p><strong>Preikestolen<\/strong> ist die <strong>ikonische Klippe Norwegens<\/strong>. Ein <strong>Felsplateau<\/strong> von 25\u00d725 Metern, das 604 Meter \u00fcber dem Lysefjord thront. Unter deinen F\u00fc\u00dfen: ein schwindelerregender Abgrund.<\/p><p>Die <strong>Aussicht<\/strong> vom Gipfel ist <strong>spektakul\u00e4r<\/strong>: Der Fjord erstreckt sich wie ein dunkelblaues Band, umgeben von steilen Felsw\u00e4nden. Bei klarem Wetter scheint der Horizont endlos zu sein. Kein Wunder, dass dies einer der meistfotografierten Orte Norwegens ist.<\/p><p><strong>Gedr\u00e4nge am Gipfel<\/strong><\/p><p>Preikestolen zieht j\u00e4hrlich \u00fcber <strong>300.000 Besucher<\/strong> an. Im Juli und August k\u00f6nnen gleichzeitig leicht 200\u2013300 Menschen auf dem Gipfel sein. M\u00f6chtest du die Ruhe erleben? Dann starte vor <strong>6 Uhr morgens oder nach 18 Uhr<\/strong>. Der Sonnenaufgang vom Gipfel ist magisch\u2026<\/p><p><strong>Praktische Tipps<\/strong><\/p><ul><li><strong>Wanderung<\/strong>: 8 km hin und zur\u00fcck, 4\u20135 Stunden, mittleres Niveau<\/li><li><strong>Parken<\/strong>: kostenpflichtig, 250 NOK am Startpunkt<\/li><li>Sorge f\u00fcr <strong>festes Schuhwerk<\/strong>, die Felsen k\u00f6nnen rutschig sein<\/li><li><strong>Beste Zeit<\/strong>: Mai \u2013 Oktober (au\u00dferhalb dieser Zeit Schnee\/Eis, spezielle Ausr\u00fcstung erforderlich)<\/li><li><strong>Sicherheit<\/strong>: Es gibt keine Gel\u00e4nder am Gipfel, sei also extrem vorsichtig am Rand<\/li><\/ul><p>Preikestolen ist ein Muss f\u00fcr jede Norwegen Reise, besonders f\u00fcr alle, die das Wandern in Norwegen lieben.<\/p><\/div>\n\t                <\/div>\n            <\/div>\n        <\/div>\n    <\/div>\n<\/div>\n\n\n<div class=\"tb-image tb-block align-none background-light pattern-none variant-none\" id=\"image-1\">\n\t<figure>\n\t\t\t\t<img src='https:\/\/norn.travelblox.eu\/wp-content\/smush-webp\/sites\/116\/2026\/01\/ivars-utinans-97ALcKmTj2o-unsplash-Grande.jpeg.webp' width='1280' height='853' srcset='https:\/\/norn.travelblox.eu\/wp-content\/smush-webp\/sites\/116\/2026\/01\/ivars-utinans-97ALcKmTj2o-unsplash-Grande.jpeg.webp 1280w, https:\/\/norn.travelblox.eu\/wp-content\/smush-webp\/sites\/116\/2026\/01\/ivars-utinans-97ALcKmTj2o-unsplash-Grande-300x200.jpeg.webp 300w, https:\/\/norn.travelblox.eu\/wp-content\/smush-webp\/sites\/116\/2026\/01\/ivars-utinans-97ALcKmTj2o-unsplash-Grande-1024x682.jpeg.webp 1024w, https:\/\/norn.travelblox.eu\/wp-content\/smush-webp\/sites\/116\/2026\/01\/ivars-utinans-97ALcKmTj2o-unsplash-Grande-768x512.jpeg.webp 768w, https:\/\/norn.travelblox.eu\/wp-content\/smush-webp\/sites\/116\/2026\/01\/ivars-utinans-97ALcKmTj2o-unsplash-Grande-18x12.jpeg.webp 18w' sizes=\"auto, (max-width: 1280px) 100vw, 1280px\" loading='lazy' decoding='async' data-smush-webp-fallback=\"{&quot;src&quot;:&quot;https:\\\/\\\/norn.travelblox.eu\\\/wp-content\\\/uploads\\\/sites\\\/116\\\/2026\\\/01\\\/ivars-utinans-97ALcKmTj2o-unsplash-Grande.jpeg&quot;,&quot;srcset&quot;:&quot;https:\\\/\\\/norn.travelblox.eu\\\/wp-content\\\/uploads\\\/sites\\\/116\\\/2026\\\/01\\\/ivars-utinans-97ALcKmTj2o-unsplash-Grande.jpeg 1280w, https:\\\/\\\/norn.travelblox.eu\\\/wp-content\\\/uploads\\\/sites\\\/116\\\/2026\\\/01\\\/ivars-utinans-97ALcKmTj2o-unsplash-Grande-300x200.jpeg 300w, https:\\\/\\\/norn.travelblox.eu\\\/wp-content\\\/uploads\\\/sites\\\/116\\\/2026\\\/01\\\/ivars-utinans-97ALcKmTj2o-unsplash-Grande-1024x682.jpeg 1024w, https:\\\/\\\/norn.travelblox.eu\\\/wp-content\\\/uploads\\\/sites\\\/116\\\/2026\\\/01\\\/ivars-utinans-97ALcKmTj2o-unsplash-Grande-768x512.jpeg 768w, https:\\\/\\\/norn.travelblox.eu\\\/wp-content\\\/uploads\\\/sites\\\/116\\\/2026\\\/01\\\/ivars-utinans-97ALcKmTj2o-unsplash-Grande-18x12.jpeg 18w&quot;}\">\t\t\t\t\t<\/figure>\n<\/div>\n\n\n<div class=\"tb-wysiwyg tb-block align-left background-light pattern-none variant-none tb-collapsible-margins\" id=\"wysiwyg-3\">\n    <div class=\"inner-block\">\n        <div class=\"tb-wysiwyg__inner\">\n            <div class=\"inner-block\">\n                                <div class=\"text-part wysiwyg\">\n                                                                    <h3>2. Trolltunga: die Trollzunge<\/h3>                                        \t<div class=\"translation-block\"><p data-section-id=\"mkl437\" data-start=\"79\" data-end=\"110\"><strong>Region Hardanger, bei Odda<\/strong><\/p>\n<p data-start=\"112\" data-end=\"426\"><strong data-start=\"112\" data-end=\"126\">Trolltunga<\/strong> ist wahrscheinlich der spektakul\u00e4rste (und Instagram-w\u00fcrdige) Aussichtspunkt Norwegens. Ein horizontaler Felsen, der sich <strong>700 Meter \u00fcber dem Ringedalsvatnet<\/strong> erstreckt. Wenn du am Ende dieses nat\u00fcrlichen Plateaus stehst, h\u00e4ngt das Abenteuer buchst\u00e4blich unter deinen F\u00fc\u00dfen. Ein intensives Erlebnis!<\/p>\n<p data-start=\"428\" data-end=\"654\">Die Wanderung zur Trolltunga ist <strong>deutlich anspruchsvoller als der Preikestolen<\/strong>: 28 km hin und zur\u00fcck, 10 \u2013 12 Stunden Gehzeit, 800 m H\u00f6henunterschied. Das ist <strong>ein ganzer Tag in den Bergen<\/strong> und auf keinen Fall etwas, das man leichtfertig angehen sollte. Aber die M\u00fche lohnt sich doppelt und dreifach. Der Blick von der Trolltunga ist einzigartig: du schwebst \u00fcber dem t\u00fcrkisfarbenen See, umgeben von endlosen Bergen.<\/p>\n<p data-start=\"1166\" data-end=\"1187\"><strong data-start=\"1166\" data-end=\"1185\">Praktische Tipps<\/strong><\/p>\n<ul>\n<li data-start=\"1190\" data-end=\"1251\"><strong data-start=\"1190\" data-end=\"1204\">Wanderung:<\/strong> 28 km hin und zur\u00fcck, 10 \u2013 12 Stunden, schweres Niveau<\/li>\n<li data-start=\"1254\" data-end=\"1330\"><strong data-start=\"1254\" data-end=\"1266\">Abfahrt:<\/strong> 5 Uhr morgens, um genug Zeit zu haben und die Menschenmengen zu vermeiden<\/li>\n<li data-start=\"1333\" data-end=\"1393\">Nehmt <strong>genug Essen und Trinken<\/strong> mit, es wird ein langer Tag<\/li>\n<li data-start=\"1396\" data-end=\"1463\"><strong data-start=\"1396\" data-end=\"1411\">Ausr\u00fcstung:<\/strong> warme Kleidung, Regenjacke, Wanderst\u00f6cke empfohlen<\/li>\n<li data-start=\"1466\" data-end=\"1549\"><strong data-start=\"1466\" data-end=\"1484\">Beste Zeit:<\/strong> Mitte Juni \u2013 Mitte September (au\u00dferhalb dieser Zeit zu gef\u00e4hrlich)<\/li>\n<li data-start=\"1552\" data-end=\"1584\"><strong data-start=\"1552\" data-end=\"1565\">Parken:<\/strong> geb\u00fchrenpflichtig, 600 NOK<\/li>\n<li data-start=\"1587\" data-end=\"1650\"><strong data-start=\"1587\" data-end=\"1607\">F\u00fchrer empfohlen, <\/strong>besonders wenn du kein erfahrener Wanderer bist<\/li>\n<\/ul><\/div>\n\t                <\/div>\n            <\/div>\n        <\/div>\n    <\/div>\n<\/div>\n\n\n<div class=\"tb-image tb-block align-none background-light pattern-none variant-none\" id=\"image-2\">\n\t<figure>\n\t\t\t\t<img src='https:\/\/norn.travelblox.eu\/wp-content\/smush-webp\/sites\/116\/2026\/01\/robert-bye-cKBsq-5U17A-unsplash-Grande.jpeg.webp' width='1280' height='853' srcset='https:\/\/norn.travelblox.eu\/wp-content\/smush-webp\/sites\/116\/2026\/01\/robert-bye-cKBsq-5U17A-unsplash-Grande.jpeg.webp 1280w, https:\/\/norn.travelblox.eu\/wp-content\/smush-webp\/sites\/116\/2026\/01\/robert-bye-cKBsq-5U17A-unsplash-Grande-300x200.jpeg.webp 300w, https:\/\/norn.travelblox.eu\/wp-content\/smush-webp\/sites\/116\/2026\/01\/robert-bye-cKBsq-5U17A-unsplash-Grande-1024x682.jpeg.webp 1024w, https:\/\/norn.travelblox.eu\/wp-content\/smush-webp\/sites\/116\/2026\/01\/robert-bye-cKBsq-5U17A-unsplash-Grande-768x512.jpeg.webp 768w, https:\/\/norn.travelblox.eu\/wp-content\/smush-webp\/sites\/116\/2026\/01\/robert-bye-cKBsq-5U17A-unsplash-Grande-18x12.jpeg.webp 18w' sizes=\"auto, (max-width: 1280px) 100vw, 1280px\" loading='lazy' decoding='async' data-smush-webp-fallback=\"{&quot;src&quot;:&quot;https:\\\/\\\/norn.travelblox.eu\\\/wp-content\\\/uploads\\\/sites\\\/116\\\/2026\\\/01\\\/robert-bye-cKBsq-5U17A-unsplash-Grande.jpeg&quot;,&quot;srcset&quot;:&quot;https:\\\/\\\/norn.travelblox.eu\\\/wp-content\\\/uploads\\\/sites\\\/116\\\/2026\\\/01\\\/robert-bye-cKBsq-5U17A-unsplash-Grande.jpeg 1280w, https:\\\/\\\/norn.travelblox.eu\\\/wp-content\\\/uploads\\\/sites\\\/116\\\/2026\\\/01\\\/robert-bye-cKBsq-5U17A-unsplash-Grande-300x200.jpeg 300w, https:\\\/\\\/norn.travelblox.eu\\\/wp-content\\\/uploads\\\/sites\\\/116\\\/2026\\\/01\\\/robert-bye-cKBsq-5U17A-unsplash-Grande-1024x682.jpeg 1024w, https:\\\/\\\/norn.travelblox.eu\\\/wp-content\\\/uploads\\\/sites\\\/116\\\/2026\\\/01\\\/robert-bye-cKBsq-5U17A-unsplash-Grande-768x512.jpeg 768w, https:\\\/\\\/norn.travelblox.eu\\\/wp-content\\\/uploads\\\/sites\\\/116\\\/2026\\\/01\\\/robert-bye-cKBsq-5U17A-unsplash-Grande-18x12.jpeg 18w&quot;}\">\t\t\t\t\t<\/figure>\n<\/div>\n\n\n<div class=\"tb-cta-banner tb-block align-left background-light pattern-none variant-none tb-collapsible-margins\" id=\"cta-banner-2\">\n    <div class=\"inner-block\">\n        <a href=\"https:\/\/norwaynomads.com\/de\/#route\" class=\"tb-cta-banner__link\" target=\"_blank\" title=\"\">\n            <div class=\"icon\"><i class=\"fa-solid fa-arrow-right\"><\/i><\/div>\n            <div class=\"text-part\">\n                                    <strong>Auf Rundreise nach Norwegen?<\/strong>\n                                                    <span>So k\u00f6nnte deine Route aussehen. \u2192<\/span>\n                            <\/div>\n        <\/a>\n    <\/div>\n<\/div>\n\n\n<div class=\"tb-wysiwyg tb-block align-left background-light pattern-none variant-none tb-collapsible-margins\" id=\"wysiwyg-5\">\n    <div class=\"inner-block\">\n        <div class=\"tb-wysiwyg__inner\">\n            <div class=\"inner-block\">\n                                <div class=\"text-part wysiwyg\">\n                                                                    <h3>3. Geirangerfjord von Dalsnibba<\/h3>                                        \t<div class=\"translation-block\"><p>Der <strong>Geirangerfjord<\/strong> steht auf der <strong>UNESCO-Welterbeliste<\/strong> und das aus gutem Grund: Er ist wahrscheinlich der sch\u00f6nste Fjord Norwegens. Um ihn wirklich zu erleben, musst du ihn von oben sehen. Die <strong>beste Aussicht<\/strong> hast du von <strong>Dalsnibba<\/strong>, auf 1500 Metern H\u00f6he.<\/p><p>Von der Spitze hast du einen fantastischen Blick \u00fcber den Fjord. Das tiefblaue Wasser schl\u00e4ngelt sich zwischen steilen Bergen, Wasserf\u00e4lle st\u00fcrzen hinunter (die sieben Schwestern) und das Dorf Geiranger wirkt winzig.<\/p><p>Der <strong>Weg nach Dalsnibba<\/strong> (Nibbevegen) ist beeindruckend: eine <strong>Berstra\u00dfe mit 11 Haarnadelkurven<\/strong> durch eine wundersch\u00f6ne alpine Landschaft. Oben erwartet dich eine moderne Aussichtsplattform mit einem 360\u00b0-Blick.<\/p><p>Von <strong>Geiranger<\/strong> aus bist du <strong>etwa 30 Minuten<\/strong> unterwegs. Die Stra\u00dfe ist eng und kurvenreich, aber gut gepflegt. Unterwegs passierst du den Djupvatnet-See auf 1000 Metern H\u00f6he, schon ein herrlicher Ausblick und dann geht es weiter bis zur Spitze, wo sich das Panorama vollst\u00e4ndig entfaltet.<\/p><p><strong>Praktische Tipps<\/strong><\/p><ul><li><strong>Mautstra\u00dfe<\/strong>: 250 NOK pro Fahrzeug (Nibbevegen)<\/li><li><strong>Beste Reisezeit<\/strong>: Juni\u2013Oktober (im Winter geschlossen)<\/li><li><strong>Fahrzeit ab Geiranger<\/strong>: 30 Min, schmale Bergstra\u00dfe<\/li><li><strong>Kleidung<\/strong>: warm anziehen, auf der H\u00f6he ist es 10\u00b0C k\u00e4lter als unten<\/li><li><strong>Caf\u00e9 auf der Spitze<\/strong>: kleines Caf\u00e9 mit Aussicht<\/li><li><strong>Kombination<\/strong>: Nach der Fahrt kannst du mit der F\u00e4hre den Fjord hinunterfahren<\/li><\/ul><\/div>\n\t                <\/div>\n            <\/div>\n        <\/div>\n    <\/div>\n<\/div>\n\n\n<div class=\"tb-simple-gallery tb-block align-center background-light pattern-none variant-2-vertical-1-horizontal tb-collapsible-margins\" id=\"simple-gallery\">\n\t\t\t<div class=\"tb-simple-gallery__images\">\n\t\t\t\t\t\t\t\t\t\t\t\t\t\t\t\t\t\t\t\t\t\t<div class=\"tb-simple-gallery__image tb-simple-gallery__image--vertical\">\n\t\t\t\t\t\t<div class=\"tb-image-part\">\n\t\t\t\t\t\t\t<figure>\n\t\t\t\t\t\t\t\t<img src='https:\/\/norn.travelblox.eu\/wp-content\/smush-webp\/sites\/116\/2025\/10\/viewpoint.jpeg.webp' width='960' height='1280' srcset='https:\/\/norn.travelblox.eu\/wp-content\/smush-webp\/sites\/116\/2025\/10\/viewpoint.jpeg.webp 960w, https:\/\/norn.travelblox.eu\/wp-content\/smush-webp\/sites\/116\/2025\/10\/viewpoint-225x300.jpeg.webp 225w, https:\/\/norn.travelblox.eu\/wp-content\/smush-webp\/sites\/116\/2025\/10\/viewpoint-768x1024.jpeg.webp 768w, https:\/\/norn.travelblox.eu\/wp-content\/smush-webp\/sites\/116\/2025\/10\/viewpoint-9x12.jpeg.webp 9w' sizes=\"auto, (max-width: 960px) 100vw, 960px\" loading='lazy' decoding='async' data-smush-webp-fallback=\"{&quot;src&quot;:&quot;https:\\\/\\\/norn.travelblox.eu\\\/wp-content\\\/uploads\\\/sites\\\/116\\\/2025\\\/10\\\/viewpoint.jpeg&quot;,&quot;srcset&quot;:&quot;https:\\\/\\\/norn.travelblox.eu\\\/wp-content\\\/uploads\\\/sites\\\/116\\\/2025\\\/10\\\/viewpoint.jpeg 960w, https:\\\/\\\/norn.travelblox.eu\\\/wp-content\\\/uploads\\\/sites\\\/116\\\/2025\\\/10\\\/viewpoint-225x300.jpeg 225w, https:\\\/\\\/norn.travelblox.eu\\\/wp-content\\\/uploads\\\/sites\\\/116\\\/2025\\\/10\\\/viewpoint-768x1024.jpeg 768w, https:\\\/\\\/norn.travelblox.eu\\\/wp-content\\\/uploads\\\/sites\\\/116\\\/2025\\\/10\\\/viewpoint-9x12.jpeg 9w&quot;}\">\t\t\t\t\t\t\t\t\t\t\t\t\t\t\t<\/figure>\n\t\t\t\t\t\t<\/div>\n\t\t\t\t\t<\/div>\n\t\t\t\t\t\t\t\t\t\t\t\t\t\t\t\t\t\t\t<div class=\"tb-simple-gallery__image tb-simple-gallery__image--vertical\">\n\t\t\t\t\t\t<div class=\"tb-image-part\">\n\t\t\t\t\t\t\t<figure>\n\t\t\t\t\t\t\t\t<img src='https:\/\/norn.travelblox.eu\/wp-content\/smush-webp\/sites\/116\/2025\/10\/Flydalsjuvet.jpeg.webp' width='960' height='1280' srcset='https:\/\/norn.travelblox.eu\/wp-content\/smush-webp\/sites\/116\/2025\/10\/Flydalsjuvet.jpeg.webp 960w, https:\/\/norn.travelblox.eu\/wp-content\/smush-webp\/sites\/116\/2025\/10\/Flydalsjuvet-225x300.jpeg.webp 225w, https:\/\/norn.travelblox.eu\/wp-content\/smush-webp\/sites\/116\/2025\/10\/Flydalsjuvet-768x1024.jpeg.webp 768w, https:\/\/norn.travelblox.eu\/wp-content\/smush-webp\/sites\/116\/2025\/10\/Flydalsjuvet-9x12.jpeg.webp 9w' sizes=\"auto, (max-width: 960px) 100vw, 960px\" loading='lazy' decoding='async' data-smush-webp-fallback=\"{&quot;src&quot;:&quot;https:\\\/\\\/norn.travelblox.eu\\\/wp-content\\\/uploads\\\/sites\\\/116\\\/2025\\\/10\\\/Flydalsjuvet.jpeg&quot;,&quot;srcset&quot;:&quot;https:\\\/\\\/norn.travelblox.eu\\\/wp-content\\\/uploads\\\/sites\\\/116\\\/2025\\\/10\\\/Flydalsjuvet.jpeg 960w, https:\\\/\\\/norn.travelblox.eu\\\/wp-content\\\/uploads\\\/sites\\\/116\\\/2025\\\/10\\\/Flydalsjuvet-225x300.jpeg 225w, https:\\\/\\\/norn.travelblox.eu\\\/wp-content\\\/uploads\\\/sites\\\/116\\\/2025\\\/10\\\/Flydalsjuvet-768x1024.jpeg 768w, https:\\\/\\\/norn.travelblox.eu\\\/wp-content\\\/uploads\\\/sites\\\/116\\\/2025\\\/10\\\/Flydalsjuvet-9x12.jpeg 9w&quot;}\">\t\t\t\t\t\t\t\t\t\t\t\t\t\t\t<\/figure>\n\t\t\t\t\t\t<\/div>\n\t\t\t\t\t<\/div>\n\t\t\t\t\t\t\t\t\t\t\t\t<\/div>\n\t<\/div>\n\n\n<div class=\"tb-wysiwyg tb-block align-left background-light pattern-none variant-none tb-collapsible-margins\" id=\"wysiwyg-4\">\n    <div class=\"inner-block\">\n        <div class=\"tb-wysiwyg__inner\">\n            <div class=\"inner-block\">\n                                <div class=\"text-part wysiwyg\">\n                                                                    <h3>4. Stegastein: Plattform \u00fcber dem Aurlandsfjord<\/h3>                                        \t<div class=\"translation-block\"><p><strong>Stegastein<\/strong> ist eine <strong>ultramoderne Aussichtsplattform<\/strong>, die 30 Meter \u00fcber den Felsen hinausragt, auf 650 Metern \u00fcber dem Aurlandsfjord. Das minimalistische Design aus hellem Holz und klaren Linien scheint fast in die Landschaft zu verschwinden, w\u00e4hrend du den Fjord und die umliegenden Berge vollst\u00e4ndig \u00fcberblickst.<\/p><p>Stegastein ist Teil des <strong>Aurlandsfjellet<\/strong>, einer der <strong>18 Nationalen Touristenstrecken Norwegens<\/strong>. Diese Panoramastra\u00dfe zwischen Aurland und L\u00e6rdal f\u00fchrt dich durch beeindruckende alpine Landschaften, \u00fcber Bergseen und entlang steiler Haarnadelkurven, bevor du wieder zum Fjord absteigst. Stegastein ist der H\u00f6hepunkt dieser Strecke.<\/p><p><strong>Praktische Tipps<\/strong><\/p><ul><li><strong>Kosten:<\/strong> kostenlos, keine Maut oder Parkgeb\u00fchren<\/li><li><strong>Beste Zeit:<\/strong> Mai\u2013Oktober (im Winter wegen Schnee geschlossen)<\/li><li><strong>Standort:<\/strong> ideal f\u00fcr einen kurzen Stopp zwischen Fl\u00e5m und L\u00e6rdal<\/li><li><strong>Parken:<\/strong> ganz in der N\u00e4he der Plattform, 5 Minuten zu Fu\u00df<\/li><li><strong>Achtung:<\/strong> H\u00f6henangst? Die Plattform kann beeindruckend sein<\/li><li><strong>Fototipp:<\/strong> die Plattform selbst und die Aussicht sind super fotogen<\/li><\/ul><\/div>\n\t                <\/div>\n            <\/div>\n        <\/div>\n    <\/div>\n<\/div>\n\n\n<div class=\"tb-image tb-block align-none background-light pattern-none variant-none\" id=\"image-3\">\n\t<figure>\n\t\t\t\t<img src='https:\/\/norn.travelblox.eu\/wp-content\/smush-webp\/sites\/116\/2026\/01\/robert-bye-xjQhTrxyVBw-unsplash-Grande.jpeg.webp' width='1280' height='853' srcset='https:\/\/norn.travelblox.eu\/wp-content\/smush-webp\/sites\/116\/2026\/01\/robert-bye-xjQhTrxyVBw-unsplash-Grande.jpeg.webp 1280w, https:\/\/norn.travelblox.eu\/wp-content\/smush-webp\/sites\/116\/2026\/01\/robert-bye-xjQhTrxyVBw-unsplash-Grande-300x200.jpeg.webp 300w, https:\/\/norn.travelblox.eu\/wp-content\/smush-webp\/sites\/116\/2026\/01\/robert-bye-xjQhTrxyVBw-unsplash-Grande-1024x682.jpeg.webp 1024w, https:\/\/norn.travelblox.eu\/wp-content\/smush-webp\/sites\/116\/2026\/01\/robert-bye-xjQhTrxyVBw-unsplash-Grande-768x512.jpeg.webp 768w, https:\/\/norn.travelblox.eu\/wp-content\/smush-webp\/sites\/116\/2026\/01\/robert-bye-xjQhTrxyVBw-unsplash-Grande-18x12.jpeg.webp 18w' sizes=\"auto, (max-width: 1280px) 100vw, 1280px\" loading='lazy' decoding='async' data-smush-webp-fallback=\"{&quot;src&quot;:&quot;https:\\\/\\\/norn.travelblox.eu\\\/wp-content\\\/uploads\\\/sites\\\/116\\\/2026\\\/01\\\/robert-bye-xjQhTrxyVBw-unsplash-Grande.jpeg&quot;,&quot;srcset&quot;:&quot;https:\\\/\\\/norn.travelblox.eu\\\/wp-content\\\/uploads\\\/sites\\\/116\\\/2026\\\/01\\\/robert-bye-xjQhTrxyVBw-unsplash-Grande.jpeg 1280w, https:\\\/\\\/norn.travelblox.eu\\\/wp-content\\\/uploads\\\/sites\\\/116\\\/2026\\\/01\\\/robert-bye-xjQhTrxyVBw-unsplash-Grande-300x200.jpeg 300w, https:\\\/\\\/norn.travelblox.eu\\\/wp-content\\\/uploads\\\/sites\\\/116\\\/2026\\\/01\\\/robert-bye-xjQhTrxyVBw-unsplash-Grande-1024x682.jpeg 1024w, https:\\\/\\\/norn.travelblox.eu\\\/wp-content\\\/uploads\\\/sites\\\/116\\\/2026\\\/01\\\/robert-bye-xjQhTrxyVBw-unsplash-Grande-768x512.jpeg 768w, https:\\\/\\\/norn.travelblox.eu\\\/wp-content\\\/uploads\\\/sites\\\/116\\\/2026\\\/01\\\/robert-bye-xjQhTrxyVBw-unsplash-Grande-18x12.jpeg 18w&quot;}\">\t\t\t\t\t<\/figure>\n<\/div>\n\n\n<div class=\"tb-wysiwyg tb-block align-left background-light pattern-none variant-none tb-collapsible-margins\" id=\"wysiwyg-6\">\n    <div class=\"inner-block\">\n        <div class=\"tb-wysiwyg__inner\">\n            <div class=\"inner-block\">\n                                <div class=\"text-part wysiwyg\">\n                                                                    <h3>5. Atlanterhavsveien: Fahren \u00fcber den Ozean<\/h3>                                        \t<div class=\"translation-block\"><p>Die <strong>Atlantic Road<\/strong> (Atlanterhavsveien) an der Westk\u00fcste, zwischen <strong>Molde und Kristiansund<\/strong>, wird oft als eine der sch\u00f6nsten Stra\u00dfen der Welt bezeichnet. Auf 8,3 km schl\u00e4ngelt sich die Stra\u00dfe zwischen kleinen Inseln und Felsen mit acht Br\u00fccken, die den Ozean \u00fcberspannen. An manchen Stellen scheint es, als w\u00fcrde man buchst\u00e4blich \u00fcber das Wasser fahren.<\/p><p>Der ikonischste Aussichtspunkt ist die <strong>Storseisundet-Br\u00fccke<\/strong>, auch bekannt als \u201cdie Br\u00fccke ins Nichts\u201d. Aus einem bestimmten Blickwinkel scheint die Br\u00fccke in den Himmel zu steigen und pl\u00f6tzlich im Nichts zu enden. Eine spektakul\u00e4re optische Illusion und eine der am meisten fotografierten Br\u00fccken der Welt.<\/p><p>Bei sch\u00f6nem Wetter funkeln die t\u00fcrkisfarbenen Gew\u00e4sser und gr\u00fcnen Inseln, aber es ist bei Sturm, dass die Strecke wirklich beeindruckt: Wellen schlagen gegen die Br\u00fccken, der Spr\u00fchnebel schie\u00dft meterhoch in die Luft und es ist sowohl beeindruckend als auch aufregend, dar\u00fcber zu fahren.<\/p><p><strong>Nationale Touristenroute<\/strong><br>Die Atlantic Road ist eine von Norwegens Nationalen Touristenrouten und wurde mehrfach zur <strong>\u201csch\u00f6nsten Route der Welt\u201d<\/strong> gek\u00fcrt. Entlang der Strecke gibt es verschiedene Aussichtspunkte f\u00fcr Fotos und kurze Stopps.<\/p><p><strong>Praktische Tipps<\/strong><\/p><ul><li><strong>Kosten:<\/strong> kostenlos (fr\u00fcher Maut bis 2009)<\/li><li><strong>Beste Zeit:<\/strong> das ganze Jahr \u00fcber zug\u00e4nglich, aber spektakul\u00e4rer im Sommer<\/li><li><strong>Dauer:<\/strong> etwa 30 Minuten mit Stopps an den Aussichtspunkten<\/li><li><strong>Aktivit\u00e4ten:<\/strong> es gibt spezielle Pl\u00e4tze zum Angeln entlang der Strecke<\/li><li><strong>Achtung:<\/strong> bei Sturm beeindruckend, aber vorsichtig fahren<\/li><li><strong>Kombination:<\/strong> perfekt kombinierbar mit <strong>Trollstigen<\/strong> f\u00fcr einen kompletten Roadtrip<\/li><\/ul><\/div>\n\t                <\/div>\n            <\/div>\n        <\/div>\n    <\/div>\n<\/div>\n\n\n<div class=\"tb-image tb-block align-none background-light pattern-none variant-none\" id=\"image-3-1\">\n\t<figure>\n\t\t\t\t<img src='https:\/\/norn.travelblox.eu\/wp-content\/smush-webp\/sites\/116\/2026\/01\/christoph-grabietz-exS9oM-jZ1c-unsplash-Grande.jpeg.webp' width='1280' height='720' srcset='https:\/\/norn.travelblox.eu\/wp-content\/smush-webp\/sites\/116\/2026\/01\/christoph-grabietz-exS9oM-jZ1c-unsplash-Grande.jpeg.webp 1280w, https:\/\/norn.travelblox.eu\/wp-content\/smush-webp\/sites\/116\/2026\/01\/christoph-grabietz-exS9oM-jZ1c-unsplash-Grande-300x169.jpeg.webp 300w, https:\/\/norn.travelblox.eu\/wp-content\/smush-webp\/sites\/116\/2026\/01\/christoph-grabietz-exS9oM-jZ1c-unsplash-Grande-1024x576.jpeg.webp 1024w, https:\/\/norn.travelblox.eu\/wp-content\/smush-webp\/sites\/116\/2026\/01\/christoph-grabietz-exS9oM-jZ1c-unsplash-Grande-768x432.jpeg.webp 768w, https:\/\/norn.travelblox.eu\/wp-content\/smush-webp\/sites\/116\/2026\/01\/christoph-grabietz-exS9oM-jZ1c-unsplash-Grande-18x10.jpeg.webp 18w' sizes=\"auto, (max-width: 1280px) 100vw, 1280px\" loading='lazy' decoding='async' data-smush-webp-fallback=\"{&quot;src&quot;:&quot;https:\\\/\\\/norn.travelblox.eu\\\/wp-content\\\/uploads\\\/sites\\\/116\\\/2026\\\/01\\\/christoph-grabietz-exS9oM-jZ1c-unsplash-Grande.jpeg&quot;,&quot;srcset&quot;:&quot;https:\\\/\\\/norn.travelblox.eu\\\/wp-content\\\/uploads\\\/sites\\\/116\\\/2026\\\/01\\\/christoph-grabietz-exS9oM-jZ1c-unsplash-Grande.jpeg 1280w, https:\\\/\\\/norn.travelblox.eu\\\/wp-content\\\/uploads\\\/sites\\\/116\\\/2026\\\/01\\\/christoph-grabietz-exS9oM-jZ1c-unsplash-Grande-300x169.jpeg 300w, https:\\\/\\\/norn.travelblox.eu\\\/wp-content\\\/uploads\\\/sites\\\/116\\\/2026\\\/01\\\/christoph-grabietz-exS9oM-jZ1c-unsplash-Grande-1024x576.jpeg 1024w, https:\\\/\\\/norn.travelblox.eu\\\/wp-content\\\/uploads\\\/sites\\\/116\\\/2026\\\/01\\\/christoph-grabietz-exS9oM-jZ1c-unsplash-Grande-768x432.jpeg 768w, https:\\\/\\\/norn.travelblox.eu\\\/wp-content\\\/uploads\\\/sites\\\/116\\\/2026\\\/01\\\/christoph-grabietz-exS9oM-jZ1c-unsplash-Grande-18x10.jpeg 18w&quot;}\">\t\t\t\t\t<\/figure>\n<\/div>\n\n\n<div class=\"tb-cta-banner tb-block align-left background-light pattern-none variant-none tb-collapsible-margins\" id=\"cta-banner-2-1\">\n    <div class=\"inner-block\">\n        <a href=\"https:\/\/norwaynomads.com\/de\/\" class=\"tb-cta-banner__link\" target=\"_blank\" title=\"\">\n            <div class=\"icon\"><i class=\"fa-solid fa-arrow-right\"><\/i><\/div>\n            <div class=\"text-part\">\n                                    <strong>Noch mehr Panoramarouten entdecken?<\/strong>\n                                                    <span>\u2192 Norwegen Nomaden <\/span>\n                            <\/div>\n        <\/a>\n    <\/div>\n<\/div>\n\n\n<div class=\"tb-wysiwyg tb-block align-left background-light pattern-none variant-none tb-collapsible-margins\" id=\"wysiwyg-7\">\n    <div class=\"inner-block\">\n        <div class=\"tb-wysiwyg__inner\">\n            <div class=\"inner-block\">\n                                <div class=\"text-part wysiwyg\">\n                                                                    <h3>6. Trollstigen: die Trollstra\u00dfe<\/h3>                                        \t<div class=\"translation-block\"><p data-start=\"123\" data-end=\"398\"><strong data-start=\"123\" data-end=\"138\">Trollstigen<\/strong>, in der Region Romsdal zwischen <strong data-start=\"167\" data-end=\"191\">\u00c5ndalsnes und Valldal<\/strong>, ist eine der spektakul\u00e4rsten Bergstra\u00dfen Europas. Elf Haarnadelkurven schl\u00e4ngeln sich mit einer Steigung von 10% an der Felswand empor. Aus der Luft sieht die Stra\u00dfe aus wie eine sich windende Schlange, die in die Tiefe gleitet.<\/p>\n<p data-start=\"400\" data-end=\"645\">Der wichtigste Aussichtspunkt liegt oben: eine moderne Plattform mit Blick auf das gesamte Tal. Von hier aus sieht man die 11 Kurven, den <strong data-start=\"535\" data-end=\"558\">Stigfossen-Wasserfall<\/strong>, der den Berg hinabst\u00fcrzt, und die steilen Berggipfel, die das Tal umrahmen. Atemberaubend!<\/p>\n<p data-start=\"647\" data-end=\"851\">Die Fahrt auf Trollstigen ist ein Erlebnis f\u00fcr sich. Die Stra\u00dfe ist schmal (manchmal kaum breit genug f\u00fcr ein Fahrzeug), die Kurven sind scharf und der Anstieg\/Abstieg ist intensiv. Aber jeder Meter ist spektakul\u00e4r.<\/p>\n<p data-start=\"853\" data-end=\"1087\"><strong data-start=\"853\" data-end=\"879\">Moderne Infrastruktur<\/strong><br data-start=\"879\" data-end=\"882\" \/>Oben befindet sich ein Besucherzentrum aus dem Jahr 2012 mit Ausstellungen, einem Gesch\u00e4ft und einem Restaurant mit Panoramablick. Die Aussichtsplattformen ragen \u00fcber die Abgrundkante hinaus und bieten beeindruckende Perspektiven.<\/p>\n<p data-start=\"1089\" data-end=\"1110\"><strong data-start=\"1089\" data-end=\"1108\">Praktische Tipps<\/strong><\/p>\n<ul>\n<li data-start=\"1113\" data-end=\"1181\"><strong data-start=\"1113\" data-end=\"1131\">Beste Reisezeit:<\/strong> Mai\u2013Oktober (im Winter wegen Schnee geschlossen)<\/li>\n<li data-start=\"1184\" data-end=\"1243\"><strong data-start=\"1184\" data-end=\"1208\">Empfohlene Steigung:<\/strong> besser um die Kurven zu meistern<\/li>\n<li data-start=\"1246\" data-end=\"1324\"><strong data-start=\"1246\" data-end=\"1265\">Busbegegnungen:<\/strong> schwierig an manchen engen Stellen, auf Ausweichzonen achten<\/li>\n<li data-start=\"1327\" data-end=\"1411\"><strong data-start=\"1327\" data-end=\"1340\">Parken:<\/strong> kostenlos am Aussichtspunkt, aber zur Mittagszeit im Sommer oft voll<\/li>\n<li data-start=\"1414\" data-end=\"1490\"><strong data-start=\"1414\" data-end=\"1430\">Wasserf\u00e4lle:<\/strong> Stigfossen verl\u00e4uft entlang der Route und ist wundersch\u00f6n anzusehen<\/li>\n<li data-start=\"1493\" data-end=\"1573\"><strong data-start=\"1493\" data-end=\"1517\">Alternative Routen:<\/strong> pr\u00fcfen bei geschlossenen Trollstigen wegen Nebel oder Wartungsarbeiten<\/li>\n<\/ul><\/div>\n\t                <\/div>\n            <\/div>\n        <\/div>\n    <\/div>\n<\/div>\n\n\n<div class=\"tb-image tb-block align-none background-light pattern-none variant-none\" id=\"image-4\">\n\t<figure>\n\t\t\t\t<img src='https:\/\/norn.travelblox.eu\/wp-content\/smush-webp\/sites\/116\/2025\/10\/Trollstigen.jpeg.webp' width='960' height='1280' srcset='https:\/\/norn.travelblox.eu\/wp-content\/smush-webp\/sites\/116\/2025\/10\/Trollstigen.jpeg.webp 960w, https:\/\/norn.travelblox.eu\/wp-content\/smush-webp\/sites\/116\/2025\/10\/Trollstigen-225x300.jpeg.webp 225w, https:\/\/norn.travelblox.eu\/wp-content\/smush-webp\/sites\/116\/2025\/10\/Trollstigen-768x1024.jpeg.webp 768w, https:\/\/norn.travelblox.eu\/wp-content\/smush-webp\/sites\/116\/2025\/10\/Trollstigen-9x12.jpeg.webp 9w' sizes=\"auto, (max-width: 960px) 100vw, 960px\" loading='lazy' decoding='async' data-smush-webp-fallback=\"{&quot;src&quot;:&quot;https:\\\/\\\/norn.travelblox.eu\\\/wp-content\\\/uploads\\\/sites\\\/116\\\/2025\\\/10\\\/Trollstigen.jpeg&quot;,&quot;srcset&quot;:&quot;https:\\\/\\\/norn.travelblox.eu\\\/wp-content\\\/uploads\\\/sites\\\/116\\\/2025\\\/10\\\/Trollstigen.jpeg 960w, https:\\\/\\\/norn.travelblox.eu\\\/wp-content\\\/uploads\\\/sites\\\/116\\\/2025\\\/10\\\/Trollstigen-225x300.jpeg 225w, https:\\\/\\\/norn.travelblox.eu\\\/wp-content\\\/uploads\\\/sites\\\/116\\\/2025\\\/10\\\/Trollstigen-768x1024.jpeg 768w, https:\\\/\\\/norn.travelblox.eu\\\/wp-content\\\/uploads\\\/sites\\\/116\\\/2025\\\/10\\\/Trollstigen-9x12.jpeg 9w&quot;}\">\t\t\t\t\t<\/figure>\n<\/div>\n\n\n<div class=\"tb-wysiwyg tb-block align-left background-light pattern-none variant-none tb-collapsible-margins\" id=\"wysiwyg-7-1\">\n    <div class=\"inner-block\">\n        <div class=\"tb-wysiwyg__inner\">\n            <div class=\"inner-block\">\n                                <div class=\"text-part wysiwyg\">\n                                            <h2>7. Lofoten: Reinebringen, der ultimative Aussichtspunkt<\/h2>                                                                \t<div class=\"translation-block\"><p class=\"font-claude-response-body break-words whitespace-normal leading-[1.7]\"><strong>Die Lofoten-Inseln, Dorf Reine<\/strong><\/p>\n<p data-start=\"51\" data-end=\"422\">Auf den <span class=\"hover:entity-accent entity-underline inline cursor-pointer align-baseline\"><span class=\"whitespace-normal\">Lofoten<\/span><\/span> findest du einige der spektakul\u00e4rsten Landschaften Norwegens: scharfe Berggipfel, die aus dem Ozean ragen, bunte Fischerd\u00f6rfer und wei\u00dfe Sandstr\u00e4nde. Der bekannteste Aussichtspunkt des Archipels ist <strong data-start=\"308\" data-end=\"349\"><span class=\"hover:entity-accent entity-underline inline cursor-pointer align-baseline\"><span class=\"whitespace-normal\">Reinebringen<\/span><\/span><\/strong>, der \u00fcber das Dorf <strong data-start=\"378\" data-end=\"419\"><span class=\"hover:entity-accent entity-underline inline cursor-pointer align-baseline\"><span class=\"whitespace-normal\">Reine<\/span><\/span><\/strong> blickt.<\/p>\n<p data-start=\"424\" data-end=\"703\">Von der Spitze (448 m H\u00f6he) schaust du direkt nach unten auf Reine, das zwischen Meer und Bergen eingeklemmt liegt. Du siehst die Fjorde, die durch die Inselgruppe schneiden und die rauen Berggipfel, die sich bis zum Horizont erstrecken. Das ist das klassische Postkartenbild der Lofoten.<\/p>\n<p data-start=\"705\" data-end=\"969\"><strong data-start=\"705\" data-end=\"716\">Die Wanderung<\/strong><br data-start=\"716\" data-end=\"719\" \/>Der Aufstieg nach Reinebringen ist steil: etwa <strong data-start=\"760\" data-end=\"783\">1500 Steinstufen<\/strong>, die 2019 angelegt wurden (fr\u00fcher war das ein schlammiger und sehr rutschiger Pfad). Es ist eine anspruchsvolle Wanderung, aber f\u00fcr die meisten Menschen gut machbar. Plane etwa <strong data-start=\"935\" data-end=\"966\">1,5 bis 2 Stunden f\u00fcr Hin- und R\u00fcckweg<\/strong> ein.<\/p>\n<p data-start=\"971\" data-end=\"1267\"><strong data-start=\"971\" data-end=\"1005\">Das sch\u00f6nste Dorf Norwegens<\/strong><br data-start=\"1005\" data-end=\"1008\" \/>Reine wird oft als das sch\u00f6nste Dorf Norwegens bezeichnet. Die typischen <strong data-start=\"1085\" data-end=\"1096\">Rorbuer<\/strong> (rote Fischh\u00e4user auf Stelzen) spiegeln sich im ruhigen Fjordwasser wider, mit den Bergen im Hintergrund. Von Reinebringen hast du den perfekten Blick auf diese Landschaft.<\/p>\n<div class=\"flex flex-col text-sm pb-25\">\n<article class=\"text-token-text-primary w-full focus:outline-none [--shadow-height:45px] has-data-writing-block:pointer-events-none has-data-writing-block:-mt-(--shadow-height) has-data-writing-block:pt-(--shadow-height) [&amp;:has([data-writing-block])&gt;*]:pointer-events-auto scroll-mt-[calc(var(--header-height)+min(200px,max(70px,20svh)))]\" dir=\"auto\" data-turn-id=\"request-WEB:7fee752a-e255-4125-8e73-043e0508158b-11\" data-testid=\"conversation-turn-24\" data-scroll-anchor=\"true\" data-turn=\"assistant\">\n<div class=\"text-base my-auto mx-auto pb-10 [--thread-content-margin:var(--thread-content-margin-xs,calc(var(--spacing)*4))] @w-sm\/main:[--thread-content-margin:var(--thread-content-margin-sm,calc(var(--spacing)*6))] @w-lg\/main:[--thread-content-margin:var(--thread-content-margin-lg,calc(var(--spacing)*16))] px-(--thread-content-margin)\">\n<div class=\"[--thread-content-max-width:40rem] @w-lg\/main:[--thread-content-max-width:48rem] mx-auto max-w-(--thread-content-max-width) flex-1 group\/turn-messages focus-visible:outline-hidden relative flex w-full min-w-0 flex-col agent-turn\">\n<div class=\"flex max-w-full flex-col gap-4 grow\">\n<div class=\"min-h-8 text-message relative flex w-full flex-col items-end gap-2 text-start break-words whitespace-normal [.text-message+&amp;]:mt-1\" dir=\"auto\" data-message-author-role=\"assistant\" data-message-id=\"244d9af3-419a-4354-89da-3f9270ac79c7\" data-message-model-slug=\"gpt-5-3\">\n<div class=\"flex w-full flex-col gap-1 empty:hidden\">\n<div class=\"markdown prose dark:prose-invert w-full wrap-break-word light markdown-new-styling\">\n<p data-start=\"1269\" data-end=\"1290\"><strong data-start=\"1269\" data-end=\"1288\">Praktische Tipps<\/strong><\/p>\n<ul>\n<li data-start=\"1293\" data-end=\"1331\"><strong data-start=\"1293\" data-end=\"1302\">Wanderung:<\/strong> 1500 Stufen, anspruchsvoller Aufstieg<\/li>\n<li data-start=\"1334\" data-end=\"1378\"><strong data-start=\"1334\" data-end=\"1343\">Dauer:<\/strong> etwa 1,5\u20132 Stunden f\u00fcr Hin- und R\u00fcckweg<\/li>\n<li data-start=\"1381\" data-end=\"1437\"><strong data-start=\"1381\" data-end=\"1399\">Fr\u00fch starten:<\/strong> im Sommer kann es sehr voll werden<\/li>\n<li data-start=\"1440\" data-end=\"1487\"><strong data-start=\"1440\" data-end=\"1453\">Parken:<\/strong> begrenzt \u2013 komme vor 8 Uhr oder nach 18 Uhr<\/li>\n<li data-start=\"1490\" data-end=\"1562\"><strong data-start=\"1490\" data-end=\"1499\">Wetter:<\/strong> nur bei gutem Wetter machen, gef\u00e4hrlich bei Regen oder starkem Wind<\/li>\n<li data-start=\"1565\" data-end=\"1622\"><strong data-start=\"1565\" data-end=\"1584\">Mitternachtssonne:<\/strong> besonders spektakul\u00e4r im Juni und Juli<\/li>\n<\/ul>\n<\/div>\n<\/div>\n<\/div>\n<\/div>\n<\/div>\n<\/div>\n<\/article>\n<\/div><\/div>\n\t                <\/div>\n            <\/div>\n        <\/div>\n    <\/div>\n<\/div>\n\n\n<div class=\"tb-image tb-block align-none background-light pattern-none variant-none\" id=\"image-4-1\">\n\t<figure>\n\t\t\t\t<img src='https:\/\/norn.travelblox.eu\/wp-content\/smush-webp\/sites\/116\/2026\/01\/joshua-kettle-CfbAP2h8xzk-unsplash-Grande.jpeg.webp' width='1280' height='720' alt='Lofoten in Norwegen: Rundreise mit dem Camper' srcset='https:\/\/norn.travelblox.eu\/wp-content\/smush-webp\/sites\/116\/2026\/01\/joshua-kettle-CfbAP2h8xzk-unsplash-Grande.jpeg.webp 1280w, https:\/\/norn.travelblox.eu\/wp-content\/smush-webp\/sites\/116\/2026\/01\/joshua-kettle-CfbAP2h8xzk-unsplash-Grande-300x169.jpeg.webp 300w, https:\/\/norn.travelblox.eu\/wp-content\/smush-webp\/sites\/116\/2026\/01\/joshua-kettle-CfbAP2h8xzk-unsplash-Grande-1024x576.jpeg.webp 1024w, https:\/\/norn.travelblox.eu\/wp-content\/smush-webp\/sites\/116\/2026\/01\/joshua-kettle-CfbAP2h8xzk-unsplash-Grande-768x432.jpeg.webp 768w, https:\/\/norn.travelblox.eu\/wp-content\/smush-webp\/sites\/116\/2026\/01\/joshua-kettle-CfbAP2h8xzk-unsplash-Grande-18x10.jpeg.webp 18w' sizes=\"auto, (max-width: 1280px) 100vw, 1280px\" loading='lazy' decoding='async' data-smush-webp-fallback=\"{&quot;src&quot;:&quot;https:\\\/\\\/norn.travelblox.eu\\\/wp-content\\\/uploads\\\/sites\\\/116\\\/2026\\\/01\\\/joshua-kettle-CfbAP2h8xzk-unsplash-Grande.jpeg&quot;,&quot;srcset&quot;:&quot;https:\\\/\\\/norn.travelblox.eu\\\/wp-content\\\/uploads\\\/sites\\\/116\\\/2026\\\/01\\\/joshua-kettle-CfbAP2h8xzk-unsplash-Grande.jpeg 1280w, https:\\\/\\\/norn.travelblox.eu\\\/wp-content\\\/uploads\\\/sites\\\/116\\\/2026\\\/01\\\/joshua-kettle-CfbAP2h8xzk-unsplash-Grande-300x169.jpeg 300w, https:\\\/\\\/norn.travelblox.eu\\\/wp-content\\\/uploads\\\/sites\\\/116\\\/2026\\\/01\\\/joshua-kettle-CfbAP2h8xzk-unsplash-Grande-1024x576.jpeg 1024w, https:\\\/\\\/norn.travelblox.eu\\\/wp-content\\\/uploads\\\/sites\\\/116\\\/2026\\\/01\\\/joshua-kettle-CfbAP2h8xzk-unsplash-Grande-768x432.jpeg 768w, https:\\\/\\\/norn.travelblox.eu\\\/wp-content\\\/uploads\\\/sites\\\/116\\\/2026\\\/01\\\/joshua-kettle-CfbAP2h8xzk-unsplash-Grande-18x10.jpeg 18w&quot;}\">\t\t\t\t\t<\/figure>\n<\/div>\n\n\n<div class=\"tb-wysiwyg tb-block align-left background-light pattern-none variant-none tb-collapsible-margins\" id=\"wysiwyg-7-1-1\">\n    <div class=\"inner-block\">\n        <div class=\"tb-wysiwyg__inner\">\n            <div class=\"inner-block\">\n                                <div class=\"text-part wysiwyg\">\n                                            <h2>8. Rampestreken: Aussicht \u00fcber \u00c5ndalsnes<\/h2>                                                                \t<div class=\"translation-block\"><div>\n<div class=\"standard-markdown grid-cols-1 grid gap-3 [&amp;_&gt;_*]:min-w-0\">\n<p data-start=\"47\" data-end=\"402\"><strong data-start=\"47\" data-end=\"88\"><span class=\"hover:entity-accent entity-underline inline cursor-pointer align-baseline\"><span class=\"whitespace-normal\">Rampestreken<\/span><\/span><\/strong> ist eine spektakul\u00e4re Aussichtsplattform, die <strong data-start=\"129\" data-end=\"156\">537 Meter \u00fcber der Stadt<\/strong> <strong data-start=\"157\" data-end=\"198\"><span class=\"hover:entity-accent entity-underline inline cursor-pointer align-baseline\"><span class=\"whitespace-normal\">\u00c5ndalsnes<\/span><\/span><\/strong> schwebt, in der <strong data-start=\"212\" data-end=\"253\"><span class=\"hover:entity-accent entity-underline inline cursor-pointer align-baseline\"><span class=\"whitespace-normal\">Romsdal<\/span><\/span><\/strong>. Von hier aus hast du einen Panoramablick auf die Stadt, den <strong data-start=\"318\" data-end=\"359\"><span class=\"hover:entity-accent entity-underline inline cursor-pointer align-baseline\"><span class=\"whitespace-normal\">Romsdalsfjord<\/span><\/span><\/strong> und die beeindruckenden Bergspitzen in der Umgebung.<\/p>\n<p data-start=\"404\" data-end=\"651\">Eine der Hauptattraktionen ist der massive <strong data-start=\"446\" data-end=\"487\"><span class=\"hover:entity-accent entity-underline inline cursor-pointer align-baseline\"><span class=\"whitespace-normal\">Trollveggen<\/span><\/span><\/strong>, die h\u00f6chste vertikale Felswand Europas. W\u00e4hrenddessen schl\u00e4ngelt sich der <strong data-start=\"555\" data-end=\"596\"><span class=\"hover:entity-accent entity-underline inline cursor-pointer align-baseline\"><span class=\"whitespace-normal\">Rauma<\/span><\/span><\/strong>-Fluss unten durch das Tal wie ein silbernes Band.<\/p>\n<p data-start=\"653\" data-end=\"802\">Die Aussichtsplattform selbst ist eine moderne Stahlkonstruktion, die \u00fcber den Abgrund hinausragt. Wenn du darauf stehst, f\u00fchlt es sich an, als w\u00fcrdest du \u00fcber \u00c5ndalsnes schweben.<\/p>\n<p data-start=\"804\" data-end=\"877\"><strong data-start=\"804\" data-end=\"822\">Wie kommt man dorthin?<\/strong><br data-start=\"822\" data-end=\"825\" \/>Es gibt zwei M\u00f6glichkeiten, Rampestreken zu erreichen:<\/p>\n<ul data-start=\"878\" data-end=\"1152\">\n<li data-section-id=\"1wmxgal\" data-start=\"878\" data-end=\"1036\">\n<p data-start=\"880\" data-end=\"1036\"><strong data-start=\"880\" data-end=\"908\">Wanderung vom Zentrum:<\/strong> etwa 4 km Hin- und R\u00fcckweg, 2 Stunden Wanderung mit 500 m H\u00f6henunterschied. Der Weg ist gut angelegt mit Treppen und Holzstufen.<\/p>\n<\/li>\n<li data-section-id=\"r63fpg\" data-start=\"1037\" data-end=\"1152\">\n<p data-start=\"1039\" data-end=\"1152\"><strong data-start=\"1039\" data-end=\"1054\">Shuttlebus:<\/strong> Im Sommer f\u00e4hrt ein Shuttlebus vom Zentrum, gefolgt von etwa 15 Minuten Fu\u00dfweg.<\/p>\n<\/li>\n<\/ul>\n<p data-start=\"1154\" data-end=\"1497\"><strong data-start=\"1154\" data-end=\"1189\">\u00c5ndalsnes: Norwegens Kletterhauptstadt<\/strong><br data-start=\"1189\" data-end=\"1192\" \/>\u00c5ndalsnes wird oft als die \u201eHauptstadt des norwegischen Alpinismus\u201c bezeichnet. Die Stadt liegt zwischen steilen Bergh\u00e4ngen und ikonischen Gipfeln und ist der Ausgangspunkt f\u00fcr bekannte Wanderungen wie <strong data-start=\"1364\" data-end=\"1405\"><span class=\"hover:entity-accent entity-underline inline cursor-pointer align-baseline\"><span class=\"whitespace-normal\">Romsdalseggen<\/span><\/span><\/strong>. Von Rampestreken aus sieht man sofort, warum: Die Berge ragen buchst\u00e4blich \u00fcber die Stadt hinaus.<\/p>\n<\/div>\n<p data-start=\"1499\" data-end=\"1520\"><strong data-start=\"1499\" data-end=\"1518\">Praktische Tipps<\/strong><\/p>\n<ul>\n<li data-start=\"1523\" data-end=\"1584\"><strong data-start=\"1523\" data-end=\"1537\">Wanderung:<\/strong> 4 km Hin- und R\u00fcckweg, \u00b12 Stunden, durchschnittliches Niveau<\/li>\n<li data-start=\"1587\" data-end=\"1656\"><strong data-start=\"1587\" data-end=\"1603\">Alternative:<\/strong> kostenpflichtiger Shuttlebus vom Zentrum im Sommer<\/li>\n<li data-start=\"1659\" data-end=\"1687\"><strong data-start=\"1659\" data-end=\"1670\">Kosten:<\/strong> freier Eintritt<\/li>\n<li data-start=\"1690\" data-end=\"1754\"><strong data-start=\"1690\" data-end=\"1708\">Beste Zeit:<\/strong> Juni\u2013September (au\u00dferhalb der Saison oft Schnee)<\/li>\n<li data-start=\"1757\" data-end=\"1807\"><strong data-start=\"1757\" data-end=\"1769\">Fototipp:<\/strong> Abendlicht ist wundersch\u00f6n auf dem Fjord<\/li>\n<li data-start=\"1810\" data-end=\"1924\"><strong data-start=\"1810\" data-end=\"1825\">Kombinieren:<\/strong> gut kombinierbar mit <strong data-start=\"1849\" data-end=\"1890\"><span class=\"hover:entity-accent entity-underline inline cursor-pointer align-baseline\"><span class=\"whitespace-normal\">Trollstigen<\/span><\/span><\/strong>, etwa 30 Minuten Fahrt entfernt<\/li>\n<\/ul>\n<\/div><\/div>\n\t                <\/div>\n            <\/div>\n        <\/div>\n    <\/div>\n<\/div>\n\n\n<div class=\"tb-image tb-block align-none background-light pattern-none variant-none\" id=\"image-4-2\">\n\t<figure>\n\t\t\t\t<img src='https:\/\/norn.travelblox.eu\/wp-content\/smush-webp\/sites\/116\/2025\/10\/rampestreken.jpeg.webp' width='960' height='1280' srcset='https:\/\/norn.travelblox.eu\/wp-content\/smush-webp\/sites\/116\/2025\/10\/rampestreken.jpeg.webp 960w, https:\/\/norn.travelblox.eu\/wp-content\/smush-webp\/sites\/116\/2025\/10\/rampestreken-225x300.jpeg.webp 225w, https:\/\/norn.travelblox.eu\/wp-content\/smush-webp\/sites\/116\/2025\/10\/rampestreken-768x1024.jpeg.webp 768w, https:\/\/norn.travelblox.eu\/wp-content\/smush-webp\/sites\/116\/2025\/10\/rampestreken-9x12.jpeg.webp 9w' sizes=\"auto, (max-width: 960px) 100vw, 960px\" loading='lazy' decoding='async' data-smush-webp-fallback=\"{&quot;src&quot;:&quot;https:\\\/\\\/norn.travelblox.eu\\\/wp-content\\\/uploads\\\/sites\\\/116\\\/2025\\\/10\\\/rampestreken.jpeg&quot;,&quot;srcset&quot;:&quot;https:\\\/\\\/norn.travelblox.eu\\\/wp-content\\\/uploads\\\/sites\\\/116\\\/2025\\\/10\\\/rampestreken.jpeg 960w, https:\\\/\\\/norn.travelblox.eu\\\/wp-content\\\/uploads\\\/sites\\\/116\\\/2025\\\/10\\\/rampestreken-225x300.jpeg 225w, https:\\\/\\\/norn.travelblox.eu\\\/wp-content\\\/uploads\\\/sites\\\/116\\\/2025\\\/10\\\/rampestreken-768x1024.jpeg 768w, https:\\\/\\\/norn.travelblox.eu\\\/wp-content\\\/uploads\\\/sites\\\/116\\\/2025\\\/10\\\/rampestreken-9x12.jpeg 9w&quot;}\">\t\t\t\t\t<\/figure>\n<\/div>\n\n\n<div class=\"tb-wysiwyg tb-block align-left background-light pattern-none variant-none tb-collapsible-margins\" id=\"wysiwyg-7-2\">\n    <div class=\"inner-block\">\n        <div class=\"tb-wysiwyg__inner\">\n            <div class=\"inner-block\">\n                                <div class=\"text-part wysiwyg\">\n                                                                    <h3>9. Romsdalseggen<\/h3>                                        \t<div class=\"translation-block\"><p data-start=\"44\" data-end=\"458\">Der <strong data-start=\"47\" data-end=\"88\"><span class=\"hover:entity-accent entity-underline inline cursor-pointer align-baseline\"><span class=\"whitespace-normal\">Romsdalseggen<\/span><\/span><\/strong> wird oft als eine der sch\u00f6nsten Wanderungen Norwegens bezeichnet. Dieser spektakul\u00e4re Grat im <strong data-start=\"185\" data-end=\"226\"><span class=\"hover:entity-accent entity-underline inline cursor-pointer align-baseline\"><span class=\"whitespace-normal\">Romsdal<\/span><\/span><\/strong>, nahe <span class=\"hover:entity-accent entity-underline inline cursor-pointer align-baseline\"><span class=\"whitespace-normal\">\u00c5ndalsnes<\/span><\/span>, erstreckt sich \u00fcber etwa <strong data-start=\"295\" data-end=\"304\">10 km<\/strong> entlang eines schmalen Grats auf bis zu <strong data-start=\"340\" data-end=\"361\">1200 Meter H\u00f6he<\/strong>. Unterwegs hast du einen beeindruckenden <strong data-start=\"397\" data-end=\"414\">360\u00b0 Ausblick<\/strong> <strong>auf Fjorde<\/strong>, T\u00e4ler und zerkl\u00fcftete Bergspitzen.<\/p>\n<p data-start=\"728\" data-end=\"1097\">Einer der bekanntesten Aussichtspunkte ist <strong data-start=\"767\" data-end=\"808\"><span class=\"hover:entity-accent entity-underline inline cursor-pointer align-baseline\"><span class=\"whitespace-normal\">Nesaksla<\/span><\/span><\/strong> (708 m). Von hier blickst du direkt auf \u00c5ndalsnes, den <strong data-start=\"878\" data-end=\"919\"><span class=\"hover:entity-accent entity-underline inline cursor-pointer align-baseline\"><span class=\"whitespace-normal\">Romsdalsfjord<\/span><\/span><\/strong> und die umliegenden Berggipfel. Weiter auf dem Grat siehst du auch das beeindruckende Massiv von <strong data-start=\"1011\" data-end=\"1052\"><span class=\"hover:entity-accent entity-underline inline cursor-pointer align-baseline\"><span class=\"whitespace-normal\">Trollveggen<\/span><\/span><\/strong>, die h\u00f6chste vertikale Felswand Europas.<\/p>\n<p data-start=\"1099\" data-end=\"1378\"><strong data-start=\"1099\" data-end=\"1119\">Alpine Wanderung<\/strong><br data-start=\"1119\" data-end=\"1122\" \/>Romsdalseggen ist eine echte Bergwanderung: felsige Abschnitte, einige exponierte Passagen und wechselnde Wetterbedingungen. Bei schlechtem Wetter kann es gef\u00e4hrlich werden, aber an einem klaren Tag ist es eine der beeindruckendsten Wanderungen Norwegens.<\/p>\n<p data-start=\"1380\" data-end=\"1401\"><strong data-start=\"1380\" data-end=\"1399\">Praktische Tipps<\/strong><\/p>\n<ul>\n<li data-start=\"1404\" data-end=\"1447\"><strong data-start=\"1404\" data-end=\"1413\">Wanderung:<\/strong> 10 km, 6\u20138 Stunden, schwieriges Niveau<\/li>\n<li data-start=\"1450\" data-end=\"1514\"><strong data-start=\"1450\" data-end=\"1468\">Beste Zeit:<\/strong> Juni\u2013September (au\u00dferhalb der Saison oft Schnee)<\/li>\n<li data-start=\"1517\" data-end=\"1571\"><strong data-start=\"1517\" data-end=\"1535\">Fr\u00fch starten:<\/strong> es ist eine ganzt\u00e4gige Wanderung<\/li>\n<li data-start=\"1574\" data-end=\"1654\"><strong data-start=\"1574\" data-end=\"1589\">Shuttlebus:<\/strong> verf\u00fcgbar zwischen Start- und Endpunkt (am besten im Voraus reservieren)<\/li>\n<li data-start=\"1657\" data-end=\"1713\"><strong data-start=\"1657\" data-end=\"1672\">Ausr\u00fcstung:<\/strong> warme Kleidung, ausreichend Wasser und Essen<\/li>\n<li data-start=\"1716\" data-end=\"1796\"><strong data-start=\"1716\" data-end=\"1725\">Wetter:<\/strong> nur bei gutem Wetter machen, Regen oder Nebel machen die Route gef\u00e4hrlich \u26f0\ufe0f<\/li>\n<\/ul><\/div>\n\t                <\/div>\n            <\/div>\n        <\/div>\n    <\/div>\n<\/div>\n\n\n<div class=\"tb-image tb-block align-none background-light pattern-none variant-none\" id=\"image-5\">\n\t<figure>\n\t\t\t\t<img src='https:\/\/norn.travelblox.eu\/wp-content\/smush-webp\/sites\/116\/2025\/10\/Nesaksla.jpeg.webp' width='960' height='1280' srcset='https:\/\/norn.travelblox.eu\/wp-content\/smush-webp\/sites\/116\/2025\/10\/Nesaksla.jpeg.webp 960w, https:\/\/norn.travelblox.eu\/wp-content\/smush-webp\/sites\/116\/2025\/10\/Nesaksla-225x300.jpeg.webp 225w, https:\/\/norn.travelblox.eu\/wp-content\/smush-webp\/sites\/116\/2025\/10\/Nesaksla-768x1024.jpeg.webp 768w, https:\/\/norn.travelblox.eu\/wp-content\/smush-webp\/sites\/116\/2025\/10\/Nesaksla-9x12.jpeg.webp 9w' sizes=\"auto, (max-width: 960px) 100vw, 960px\" loading='lazy' decoding='async' data-smush-webp-fallback=\"{&quot;src&quot;:&quot;https:\\\/\\\/norn.travelblox.eu\\\/wp-content\\\/uploads\\\/sites\\\/116\\\/2025\\\/10\\\/Nesaksla.jpeg&quot;,&quot;srcset&quot;:&quot;https:\\\/\\\/norn.travelblox.eu\\\/wp-content\\\/uploads\\\/sites\\\/116\\\/2025\\\/10\\\/Nesaksla.jpeg 960w, https:\\\/\\\/norn.travelblox.eu\\\/wp-content\\\/uploads\\\/sites\\\/116\\\/2025\\\/10\\\/Nesaksla-225x300.jpeg 225w, https:\\\/\\\/norn.travelblox.eu\\\/wp-content\\\/uploads\\\/sites\\\/116\\\/2025\\\/10\\\/Nesaksla-768x1024.jpeg 768w, https:\\\/\\\/norn.travelblox.eu\\\/wp-content\\\/uploads\\\/sites\\\/116\\\/2025\\\/10\\\/Nesaksla-9x12.jpeg 9w&quot;}\">\t\t\t\t\t<\/figure>\n<\/div>\n\n\n<div class=\"tb-wysiwyg tb-block align-left background-light pattern-none variant-none tb-collapsible-margins\" id=\"wysiwyg-7-3\">\n    <div class=\"inner-block\">\n        <div class=\"tb-wysiwyg__inner\">\n            <div class=\"inner-block\">\n                                <div class=\"text-part wysiwyg\">\n                                                                    <h3>10. N\u00e6r\u00f8yfjord von Stalheimskleiva: der schmalste Fjord Norwegens<\/h3>                                        \t<div class=\"translation-block\"><p data-start=\"52\" data-end=\"457\">In der Region <strong data-start=\"64\" data-end=\"105\"><span class=\"hover:entity-accent entity-underline inline cursor-pointer align-baseline\"><span class=\"whitespace-normal\">Sogn<\/span><\/span><\/strong>, ganz in der N\u00e4he von <strong data-start=\"116\" data-end=\"157\"><span class=\"hover:entity-accent entity-underline inline cursor-pointer align-baseline\"><span class=\"whitespace-normal\">Fl\u00e5m<\/span><\/span><\/strong>, liegt der <strong data-start=\"167\" data-end=\"208\"><span class=\"hover:entity-accent entity-underline inline cursor-pointer align-baseline\"><span class=\"whitespace-normal\">N\u00e6r\u00f8yfjord<\/span><\/span><\/strong>. Dies ist der <strong data-start=\"221\" data-end=\"252\">schmalste Fjord Norwegens.<\/strong> An einigen Stellen ist er nur <strong data-start=\"282\" data-end=\"301\">250 Meter breit<\/strong> und gleichzeitig einer der spektakul\u00e4rsten. Steile Felsw\u00e4nde st\u00fcrzen direkt ins Wasser, was f\u00fcr eine beeindruckende und dramatische Landschaft sorgt.<\/p>\n<p data-start=\"459\" data-end=\"868\">Einer der besten Orte, um den Fjord von oben zu bewundern, ist \u00fcber <strong data-start=\"530\" data-end=\"571\"><span class=\"hover:entity-accent entity-underline inline cursor-pointer align-baseline\"><span class=\"whitespace-normal\">Stalheimskleiva<\/span><\/span><\/strong>. Diese historische Bergstra\u00dfe ist bekannt als eine der steilsten in Norwegen: eine Steigung von durchschnittlich <strong data-start=\"676\" data-end=\"683\">18%<\/strong> und <strong data-start=\"687\" data-end=\"718\">13 scharfen Haarnadelkurven<\/strong>, die in nur 1,5 km etwa <strong data-start=\"750\" data-end=\"771\">300 Meter abfallen<\/strong>. Von oben sieht die Stra\u00dfe aus wie eine Schlange, die den Berg hinunterkriecht, mit dem Fjord tief unter dir.<\/p>\n<p data-start=\"870\" data-end=\"1137\">Entlang der Abfahrt gibt es verschiedene Aussichtspunkte, an denen du anhalten kannst, um das Panorama zu bewundern: der Fjord, der sich zwischen den Bergen schl\u00e4ngelt, Wasserf\u00e4lle, die an den Felsw\u00e4nden herunterst\u00fcrzen, und kleine Bauernh\u00f6fe, die an den H\u00e4ngen zu kleben scheinen.<\/p>\n<p data-start=\"1139\" data-end=\"1460\"><strong data-start=\"1139\" data-end=\"1163\">UNESCO-Weltkulturerbe<\/strong><br data-start=\"1163\" data-end=\"1166\" \/>Der <strong data-start=\"1169\" data-end=\"1183\">N\u00e6r\u00f8yfjord<\/strong> steht auf der UNESCO-Weltkulturerbeliste, genau wie der nahegelegene <strong data-start=\"1247\" data-end=\"1288\"><span class=\"hover:entity-accent entity-underline inline cursor-pointer align-baseline\"><span class=\"whitespace-normal\">Geirangerfjord<\/span><\/span><\/strong>. Zusammen gelten sie als zwei der sch\u00f6nsten und best erhaltenen Fjorde Norwegens. Die Kombination aus Bergen, Fjord und Wasserf\u00e4llen sorgt f\u00fcr einzigartige Landschaften.<\/p>\n<p data-start=\"1462\" data-end=\"1483\"><strong data-start=\"1462\" data-end=\"1481\">Praktische Tipps<\/strong><\/p>\n<ul>\n<li data-start=\"1486\" data-end=\"1546\"><strong data-start=\"1486\" data-end=\"1501\">Schmale Stra\u00dfe:<\/strong> Achte auf Busse und Camper, die nach oben fahren<\/li>\n<li data-start=\"1549\" data-end=\"1621\"><strong data-start=\"1549\" data-end=\"1573\">Abfahrt empfohlen:<\/strong> So kannst du die steilen Kurven besser kontrollieren<\/li>\n<li data-start=\"1624\" data-end=\"1654\"><strong data-start=\"1624\" data-end=\"1635\">Kosten:<\/strong> kostenlos, keine Maut<\/li>\n<li data-start=\"1657\" data-end=\"1733\"><strong data-start=\"1657\" data-end=\"1678\">Zug\u00e4nglichkeit:<\/strong> das ganze Jahr \u00fcber, aber vorsichtig bei Eis im Winter<\/li>\n<li data-start=\"1736\" data-end=\"1805\"><strong data-start=\"1736\" data-end=\"1751\">Kombinieren:<\/strong> leicht zu kombinieren mit einem Besuch in <strong data-start=\"1795\" data-end=\"1803\">Fl\u00e5m<\/strong><\/li>\n<li data-start=\"1808\" data-end=\"1892\"><strong data-start=\"1808\" data-end=\"1816\">Tipp:<\/strong> Nimm auch eine F\u00e4hre auf dem Fjord, um die Landschaft vom Wasser aus zu sehen<\/li>\n<\/ul><\/div>\n\t                <\/div>\n            <\/div>\n        <\/div>\n    <\/div>\n<\/div>\n\n\n<div class=\"tb-image tb-block align-none background-light pattern-none variant-none\" id=\"image-5-1\">\n\t<figure>\n\t\t\t\t<img src='https:\/\/norn.travelblox.eu\/wp-content\/smush-webp\/sites\/116\/2024\/11\/DJI_0943-1.jpg.webp' width='2048' height='1364' alt='Hardangerfjord in Norwegen' srcset='https:\/\/norn.travelblox.eu\/wp-content\/smush-webp\/sites\/116\/2024\/11\/DJI_0943-1.jpg.webp 2048w, https:\/\/norn.travelblox.eu\/wp-content\/smush-webp\/sites\/116\/2024\/11\/DJI_0943-1-300x200.jpg.webp 300w, https:\/\/norn.travelblox.eu\/wp-content\/smush-webp\/sites\/116\/2024\/11\/DJI_0943-1-1024x682.jpg.webp 1024w, https:\/\/norn.travelblox.eu\/wp-content\/smush-webp\/sites\/116\/2024\/11\/DJI_0943-1-768x512.jpg.webp 768w, https:\/\/norn.travelblox.eu\/wp-content\/smush-webp\/sites\/116\/2024\/11\/DJI_0943-1-1536x1023.jpg.webp 1536w, https:\/\/norn.travelblox.eu\/wp-content\/smush-webp\/sites\/116\/2024\/11\/DJI_0943-1-18x12.jpg.webp 18w' sizes=\"auto, (max-width: 2048px) 100vw, 2048px\" loading='lazy' decoding='async' data-smush-webp-fallback=\"{&quot;src&quot;:&quot;https:\\\/\\\/norn.travelblox.eu\\\/wp-content\\\/uploads\\\/sites\\\/116\\\/2024\\\/11\\\/DJI_0943-1.jpg&quot;,&quot;srcset&quot;:&quot;https:\\\/\\\/norn.travelblox.eu\\\/wp-content\\\/uploads\\\/sites\\\/116\\\/2024\\\/11\\\/DJI_0943-1.jpg 2048w, https:\\\/\\\/norn.travelblox.eu\\\/wp-content\\\/uploads\\\/sites\\\/116\\\/2024\\\/11\\\/DJI_0943-1-300x200.jpg 300w, https:\\\/\\\/norn.travelblox.eu\\\/wp-content\\\/uploads\\\/sites\\\/116\\\/2024\\\/11\\\/DJI_0943-1-1024x682.jpg 1024w, https:\\\/\\\/norn.travelblox.eu\\\/wp-content\\\/uploads\\\/sites\\\/116\\\/2024\\\/11\\\/DJI_0943-1-768x512.jpg 768w, https:\\\/\\\/norn.travelblox.eu\\\/wp-content\\\/uploads\\\/sites\\\/116\\\/2024\\\/11\\\/DJI_0943-1-1536x1023.jpg 1536w, https:\\\/\\\/norn.travelblox.eu\\\/wp-content\\\/uploads\\\/sites\\\/116\\\/2024\\\/11\\\/DJI_0943-1-18x12.jpg 18w&quot;}\">\t\t\t\t\t<\/figure>\n<\/div>\n\n\n<div class=\"tb-cta-banner tb-block align-left background-light pattern-none variant-none tb-collapsible-margins\" id=\"cta-banner-2-2\">\n    <div class=\"inner-block\">\n        <a href=\"https:\/\/norwaynomads.com\/de\/\" class=\"tb-cta-banner__link\" target=\"_blank\" title=\"\">\n            <div class=\"icon\"><i class=\"fa-solid fa-arrow-right\"><\/i><\/div>\n            <div class=\"text-part\">\n                                    <strong>Lust, die norwegischen Fjorde zu erkunden? \ud83c\udfd4\ufe0f<\/strong>\n                                                    <span>Norway Nomads: festgelegte Route entlang der sch\u00f6nsten Panoramen<\/span>\n                            <\/div>\n        <\/a>\n    <\/div>\n<\/div>\n\n\n<div class=\"tb-wysiwyg tb-block align-left background-light pattern-none variant-none tb-collapsible-margins\" id=\"wysiwyg-7-4\">\n    <div class=\"inner-block\">\n        <div class=\"tb-wysiwyg__inner\">\n            <div class=\"inner-block\">\n                                <div class=\"text-part wysiwyg\">\n                                            <h2>Entdecke die sch\u00f6nsten Orte in Norwegen bei einer 7-t\u00e4gigen Rundreise mit Norway Nomads.<\/h2>                                                                \t<div class=\"translation-block\"><p>Vom atemberaubenden Kliff von <strong>Preikestolen<\/strong> bis zu Stra\u00dfen, die \u00fcber dem Ozean zu schweben scheinen, von alpinen Bergk\u00e4mmen mit Blick auf die Fjorde bis zu modernen Aussichtsplattformen, die dich buchst\u00e4blich am Abgrund stehen lassen: jeder Aussichtspunkt zeigt eine andere Seite des spektakul\u00e4ren Norwegens.<\/p><p>Mit einer guten Route kannst du w\u00e4hrend einer <a href=\"https:\/\/norwaynomads.com\/nl\/\" target=\"_blank\">Woche Roadtrip durch die Fjorde<\/a> problemlos <strong>5 bis 6 dieser gro\u00dfartigen Aussichtspunkte<\/strong> besuchen. Und mit all den unerwarteten Stops unterwegs kommst du garantiert mit einem Kopf voller wundersch\u00f6ner Erinnerungen zur\u00fcck.<\/p><p><strong>Also\u2026 bereit zum Abflug? \ud83c\uddf3\ud83c\uddf4<\/strong> <a href=\"https:\/\/norwaynomads.com\/nl\/\"><strong>Buche jetzt deine All-In-Rundreise mit Norway Nomads<\/strong><\/a> <strong>(bereits ab 850 \u20ac).<\/strong><\/p><\/div>\n\t                <\/div>\n            <\/div>\n        <\/div>\n    <\/div>\n<\/div>","protected":false},"excerpt":{"rendered":"","protected":false},"author":130,"featured_media":1549,"comment_status":"closed","ping_status":"closed","sticky":false,"template":"","format":"standard","meta":{"_acf_changed":false,"inline_featured_image":false,"footnotes":""},"class_list":["post-1930","post","type-post","status-publish","format-standard","has-post-thumbnail","hentry","team-member-sophie","blog-category-highlights"],"acf":[],"_links":{"self":[{"href":"https:\/\/norn.travelblox.eu\/de\/wp-json\/wp\/v2\/posts\/1930","targetHints":{"allow":["GET"]}}],"collection":[{"href":"https:\/\/norn.travelblox.eu\/de\/wp-json\/wp\/v2\/posts"}],"about":[{"href":"https:\/\/norn.travelblox.eu\/de\/wp-json\/wp\/v2\/types\/post"}],"author":[{"embeddable":true,"href":"https:\/\/norn.travelblox.eu\/de\/wp-json\/wp\/v2\/users\/130"}],"replies":[{"embeddable":true,"href":"https:\/\/norn.travelblox.eu\/de\/wp-json\/wp\/v2\/comments?post=1930"}],"version-history":[{"count":28,"href":"https:\/\/norn.travelblox.eu\/de\/wp-json\/wp\/v2\/posts\/1930\/revisions"}],"predecessor-version":[{"id":1983,"href":"https:\/\/norn.travelblox.eu\/de\/wp-json\/wp\/v2\/posts\/1930\/revisions\/1983"}],"wp:featuredmedia":[{"embeddable":true,"href":"https:\/\/norn.travelblox.eu\/de\/wp-json\/wp\/v2\/media\/1549"}],"wp:attachment":[{"href":"https:\/\/norn.travelblox.eu\/de\/wp-json\/wp\/v2\/media?parent=1930"}],"curies":[{"name":"wp","href":"https:\/\/api.w.org\/{rel}","templated":true}]}}